{"id":6459,"date":"2017-01-10T14:00:30","date_gmt":"2017-01-10T13:00:30","guid":{"rendered":"https:\/\/cerca.cat\/actualitat\/opinio\/in-memory-of-joan-rodes\/"},"modified":"2017-01-10T14:00:30","modified_gmt":"2017-01-10T13:00:30","slug":"in-memory-of-joan-rodes","status":"publish","type":"articles","link":"https:\/\/cerca.cat\/en\/actualitat\/opinio\/in-memory-of-joan-rodes\/","title":{"rendered":"In memory of Joan Rod\u00e9s"},"content":{"rendered":"<p><a href=\"http:\/\/lluisrovira.cerca.cat\/wp-content\/uploads\/2017\/01\/20170110_JoanRodes.jpg\" rel=\"attachment wp-att-881\"><img fetchpriority=\"high\" decoding=\"async\" class=\"size-medium wp-image-881 alignleft\" src=\"http:\/\/lluisrovira.cerca.cat\/wp-content\/uploads\/2017\/01\/20170110_JoanRodes-220x300.jpg\" alt=\"Dr Joan Rod\u00e9s\" width=\"220\" height=\"300\" \/><\/a>What is it Juanitu? This is what Dr Joan Rod\u00e9s would say to me when I went back to addressing him formally while discussing matters regarding CERCA centres.<br \/>\n\u2028I met Joan Rod\u00e9s in the 1990s. One of the clearest images I have of him from that time was when we carried out a bibliometric project with Jordi Cam\u00ed on biomedical research institutions and Jordi presented it to the community of doctors and researchers at Hospital Cl\u00ednic. Remember, above all, <strong>Joan Rod\u00e9s was unique in how he promoted research in Catalonia<\/strong>. He introduced research criteria into hospital dynamics when selecting hospital department heads and other physicians in general. He was also a pioneer in creating research institutions with their own legal identity, such as the August Pi i Sunyer Biomedical Research Institute (IDIBAPS), which recently celebrated its 20th anniversary. He was vice-president of the CERCA Institute from its founding, and we must not forget that Joan Rod\u00e9s was one of the most prolific researchers in Catalan science. His scientific production exceeded a thousand articles, of which approximately 180 are highly cited (HCP according to WoS).<br \/>\n\u2028Juanitu was tireless. He often called me to ask questions or discuss issues at biomedical research centres. He always had a clear opinion on things! At the last meeting of the CERCA Institute Board of Trustees he attended as vice-president and came in a wheelchair accompanied by an assistant. A couple of days after the meeting I phoned him to ask if he was healthy enough to continue as vice-president. And his unwavering response was that he still felt he had enough strength. That is what he was like.<br \/>\n\u2028I also remember how, a few years ago, he gave me a text he had written on the development of medicine in Catalonia, which had a major impact on me. \u00a0In it he argued that the unstoppable rise in life expectancy among Catalans is based on biomedical research. And he argued how numerous developments in healthcare and their spread had contributed to this.<br \/>\n\u2028It was possibly a little unsettling when the Carlos III Health Institute ISCIII named a call for researcher contracts the \u201c<em>Juan Rod\u00e9s Contracts<\/em>\u201c. I cannot remember another case where a researcher has had a research call named after them in their lifetime. But now&#8230; this is no longer relevant.<br \/>\n\u2028Juanitu, it is time for you to rest. Thank you for all the good things you have left us, of which there are many. We miss you already.<\/p>\n","protected":false},"excerpt":{"rendered":"<p>What is it Juanitu? This is what Dr Joan Rod\u00e9s would say to me when I went back to addressing him formally while discussing matters regarding CERCA centres. \u2028I met Joan Rod\u00e9s in the 1990s. One of the clearest images I have of him from that time was when we carried out a bibliometric project [&hellip;]<\/p>\n","protected":false},"author":4,"featured_media":0,"parent":0,"menu_order":0,"template":"","meta":{"_acf_changed":false},"iniciatives":[],"class_list":["post-6459","articles","type-articles","status-publish","hentry"],"acf":[],"yoast_head":"<!-- This site is optimized with the Yoast SEO plugin v27.2 - https:\/\/yoast.com\/product\/yoast-seo-wordpress\/ -->\n<title>In memory of Joan Rod\u00e9s - CERCA<\/title>\n<meta name=\"robots\" content=\"index, follow, max-snippet:-1, max-image-preview:large, max-video-preview:-1\" \/>\n<link rel=\"canonical\" href=\"https:\/\/cerca.cat\/en\/actualitat\/opinio\/in-memory-of-joan-rodes\/\" \/>\n<meta property=\"og:locale\" content=\"en_US\" \/>\n<meta property=\"og:type\" content=\"article\" \/>\n<meta property=\"og:title\" content=\"In memory of Joan Rod\u00e9s - CERCA\" \/>\n<meta property=\"og:description\" content=\"What is it Juanitu? This is what Dr Joan Rod\u00e9s would say to me when I went back to addressing him formally while discussing matters regarding CERCA centres. \u2028I met Joan Rod\u00e9s in the 1990s. One of the clearest images I have of him from that time was when we carried out a bibliometric project [&hellip;]\" \/>\n<meta property=\"og:url\" content=\"https:\/\/cerca.cat\/en\/actualitat\/opinio\/in-memory-of-joan-rodes\/\" \/>\n<meta property=\"og:site_name\" content=\"CERCA\" \/>\n<meta property=\"og:image\" content=\"http:\/\/lluisrovira.cerca.cat\/wp-content\/uploads\/2017\/01\/20170110_JoanRodes-220x300.jpg\" \/>\n<meta name=\"twitter:card\" content=\"summary_large_image\" \/>\n<meta name=\"twitter:site\" content=\"@icerca\" \/>\n<meta name=\"twitter:label1\" content=\"Est. reading time\" \/>\n\t<meta name=\"twitter:data1\" content=\"2 minutes\" \/>\n<script type=\"application\/ld+json\" class=\"yoast-schema-graph\">{\"@context\":\"https:\/\/schema.org\",\"@graph\":[{\"@type\":\"WebPage\",\"@id\":\"https:\/\/cerca.cat\/en\/actualitat\/opinio\/in-memory-of-joan-rodes\/\",\"url\":\"https:\/\/cerca.cat\/en\/actualitat\/opinio\/in-memory-of-joan-rodes\/\",\"name\":\"In memory of Joan Rod\u00e9s - CERCA\",\"isPartOf\":{\"@id\":\"https:\/\/cerca.cat\/en\/#website\"},\"primaryImageOfPage\":{\"@id\":\"https:\/\/cerca.cat\/en\/actualitat\/opinio\/in-memory-of-joan-rodes\/#primaryimage\"},\"image\":{\"@id\":\"https:\/\/cerca.cat\/en\/actualitat\/opinio\/in-memory-of-joan-rodes\/#primaryimage\"},\"thumbnailUrl\":\"http:\/\/lluisrovira.cerca.cat\/wp-content\/uploads\/2017\/01\/20170110_JoanRodes-220x300.jpg\",\"datePublished\":\"2017-01-10T13:00:30+00:00\",\"inLanguage\":\"en-US\",\"potentialAction\":[{\"@type\":\"ReadAction\",\"target\":[\"https:\/\/cerca.cat\/en\/actualitat\/opinio\/in-memory-of-joan-rodes\/\"]}]},{\"@type\":\"ImageObject\",\"inLanguage\":\"en-US\",\"@id\":\"https:\/\/cerca.cat\/en\/actualitat\/opinio\/in-memory-of-joan-rodes\/#primaryimage\",\"url\":\"http:\/\/lluisrovira.cerca.cat\/wp-content\/uploads\/2017\/01\/20170110_JoanRodes-220x300.jpg\",\"contentUrl\":\"http:\/\/lluisrovira.cerca.cat\/wp-content\/uploads\/2017\/01\/20170110_JoanRodes-220x300.jpg\"},{\"@type\":\"WebSite\",\"@id\":\"https:\/\/cerca.cat\/en\/#website\",\"url\":\"https:\/\/cerca.cat\/en\/\",\"name\":\"CERCA\",\"description\":\"Centres de Recerca de Catalunya\",\"publisher\":{\"@id\":\"https:\/\/cerca.cat\/en\/#organization\"},\"potentialAction\":[{\"@type\":\"SearchAction\",\"target\":{\"@type\":\"EntryPoint\",\"urlTemplate\":\"https:\/\/cerca.cat\/en\/?s={search_term_string}\"},\"query-input\":{\"@type\":\"PropertyValueSpecification\",\"valueRequired\":true,\"valueName\":\"search_term_string\"}}],\"inLanguage\":\"en-US\"},{\"@type\":\"Organization\",\"@id\":\"https:\/\/cerca.cat\/en\/#organization\",\"name\":\"Instituci\u00f3 I-CERCA\",\"url\":\"https:\/\/cerca.cat\/en\/\",\"logo\":{\"@type\":\"ImageObject\",\"inLanguage\":\"en-US\",\"@id\":\"https:\/\/cerca.cat\/en\/#\/schema\/logo\/image\/\",\"url\":\"https:\/\/cerca.cat\/wp-content\/uploads\/2023\/01\/CERCA-MARCA-A-ENG.svg\",\"contentUrl\":\"https:\/\/cerca.cat\/wp-content\/uploads\/2023\/01\/CERCA-MARCA-A-ENG.svg\",\"width\":439,\"height\":172,\"caption\":\"Instituci\u00f3 I-CERCA\"},\"image\":{\"@id\":\"https:\/\/cerca.cat\/en\/#\/schema\/logo\/image\/\"},\"sameAs\":[\"https:\/\/x.com\/icerca\",\"https:\/\/www.linkedin.com\/company\/icerca\/\",\"https:\/\/www.youtube.com\/user\/instituciocerca\",\"https:\/\/www.flickr.com\/photos\/141175847@N05\/albums\/\",\"https:\/\/bsky.app\/profile\/cerca.cat\"]}]}<\/script>\n<!-- \/ Yoast SEO plugin. -->","yoast_head_json":{"title":"In memory of Joan Rod\u00e9s - CERCA","robots":{"index":"index","follow":"follow","max-snippet":"max-snippet:-1","max-image-preview":"max-image-preview:large","max-video-preview":"max-video-preview:-1"},"canonical":"https:\/\/cerca.cat\/en\/actualitat\/opinio\/in-memory-of-joan-rodes\/","og_locale":"en_US","og_type":"article","og_title":"In memory of Joan Rod\u00e9s - CERCA","og_description":"What is it Juanitu? This is what Dr Joan Rod\u00e9s would say to me when I went back to addressing him formally while discussing matters regarding CERCA centres. \u2028I met Joan Rod\u00e9s in the 1990s. One of the clearest images I have of him from that time was when we carried out a bibliometric project [&hellip;]","og_url":"https:\/\/cerca.cat\/en\/actualitat\/opinio\/in-memory-of-joan-rodes\/","og_site_name":"CERCA","og_image":[{"url":"http:\/\/lluisrovira.cerca.cat\/wp-content\/uploads\/2017\/01\/20170110_JoanRodes-220x300.jpg","type":"","width":"","height":""}],"twitter_card":"summary_large_image","twitter_site":"@icerca","twitter_misc":{"Est. reading time":"2 minutes"},"schema":{"@context":"https:\/\/schema.org","@graph":[{"@type":"WebPage","@id":"https:\/\/cerca.cat\/en\/actualitat\/opinio\/in-memory-of-joan-rodes\/","url":"https:\/\/cerca.cat\/en\/actualitat\/opinio\/in-memory-of-joan-rodes\/","name":"In memory of Joan Rod\u00e9s - CERCA","isPartOf":{"@id":"https:\/\/cerca.cat\/en\/#website"},"primaryImageOfPage":{"@id":"https:\/\/cerca.cat\/en\/actualitat\/opinio\/in-memory-of-joan-rodes\/#primaryimage"},"image":{"@id":"https:\/\/cerca.cat\/en\/actualitat\/opinio\/in-memory-of-joan-rodes\/#primaryimage"},"thumbnailUrl":"http:\/\/lluisrovira.cerca.cat\/wp-content\/uploads\/2017\/01\/20170110_JoanRodes-220x300.jpg","datePublished":"2017-01-10T13:00:30+00:00","inLanguage":"en-US","potentialAction":[{"@type":"ReadAction","target":["https:\/\/cerca.cat\/en\/actualitat\/opinio\/in-memory-of-joan-rodes\/"]}]},{"@type":"ImageObject","inLanguage":"en-US","@id":"https:\/\/cerca.cat\/en\/actualitat\/opinio\/in-memory-of-joan-rodes\/#primaryimage","url":"http:\/\/lluisrovira.cerca.cat\/wp-content\/uploads\/2017\/01\/20170110_JoanRodes-220x300.jpg","contentUrl":"http:\/\/lluisrovira.cerca.cat\/wp-content\/uploads\/2017\/01\/20170110_JoanRodes-220x300.jpg"},{"@type":"WebSite","@id":"https:\/\/cerca.cat\/en\/#website","url":"https:\/\/cerca.cat\/en\/","name":"CERCA","description":"Centres de Recerca de Catalunya","publisher":{"@id":"https:\/\/cerca.cat\/en\/#organization"},"potentialAction":[{"@type":"SearchAction","target":{"@type":"EntryPoint","urlTemplate":"https:\/\/cerca.cat\/en\/?s={search_term_string}"},"query-input":{"@type":"PropertyValueSpecification","valueRequired":true,"valueName":"search_term_string"}}],"inLanguage":"en-US"},{"@type":"Organization","@id":"https:\/\/cerca.cat\/en\/#organization","name":"Instituci\u00f3 I-CERCA","url":"https:\/\/cerca.cat\/en\/","logo":{"@type":"ImageObject","inLanguage":"en-US","@id":"https:\/\/cerca.cat\/en\/#\/schema\/logo\/image\/","url":"https:\/\/cerca.cat\/wp-content\/uploads\/2023\/01\/CERCA-MARCA-A-ENG.svg","contentUrl":"https:\/\/cerca.cat\/wp-content\/uploads\/2023\/01\/CERCA-MARCA-A-ENG.svg","width":439,"height":172,"caption":"Instituci\u00f3 I-CERCA"},"image":{"@id":"https:\/\/cerca.cat\/en\/#\/schema\/logo\/image\/"},"sameAs":["https:\/\/x.com\/icerca","https:\/\/www.linkedin.com\/company\/icerca\/","https:\/\/www.youtube.com\/user\/instituciocerca","https:\/\/www.flickr.com\/photos\/141175847@N05\/albums\/","https:\/\/bsky.app\/profile\/cerca.cat"]}]}},"_links":{"self":[{"href":"https:\/\/cerca.cat\/en\/wp-json\/wp\/v2\/articles\/6459","targetHints":{"allow":["GET"]}}],"collection":[{"href":"https:\/\/cerca.cat\/en\/wp-json\/wp\/v2\/articles"}],"about":[{"href":"https:\/\/cerca.cat\/en\/wp-json\/wp\/v2\/types\/articles"}],"author":[{"embeddable":true,"href":"https:\/\/cerca.cat\/en\/wp-json\/wp\/v2\/users\/4"}],"wp:attachment":[{"href":"https:\/\/cerca.cat\/en\/wp-json\/wp\/v2\/media?parent=6459"}],"wp:term":[{"taxonomy":"iniciatives","embeddable":true,"href":"https:\/\/cerca.cat\/en\/wp-json\/wp\/v2\/iniciatives?post=6459"}],"curies":[{"name":"wp","href":"https:\/\/api.w.org\/{rel}","templated":true}]}}