{"id":14440,"date":"2026-03-04T12:32:38","date_gmt":"2026-03-04T11:32:38","guid":{"rendered":"https:\/\/cerca.cat\/actualitat\/noticies\/el-crg-i-andorra-recerca-innovacio-impulsen-un-nou-programa-de-recerca-en-genomica-de-muntanya\/"},"modified":"2026-03-04T12:38:22","modified_gmt":"2026-03-04T11:38:22","slug":"el-crg-i-andorra-recerca-innovacio-impulsen-un-nou-programa-de-recerca-en-genomica-de-muntanya","status":"publish","type":"post","link":"https:\/\/cerca.cat\/en\/actualitat\/noticies\/el-crg-i-andorra-recerca-innovacio-impulsen-un-nou-programa-de-recerca-en-genomica-de-muntanya\/","title":{"rendered":"The CRG and Andorra Research + Innovation Launch a New Mountain Genomics Research Programme"},"content":{"rendered":"<p>The <a href=\"https:\/\/www.crg.eu\/\">Centre for Genomic Regulation (CRG)<\/a> and <a href=\"https:\/\/www.ari.ad\/\">Andorra Research + Innovation (ARI)<\/a> have signed a framework collaboration agreement to develop joint initiatives in research, innovation and knowledge transfer. The agreement establishes the foundations for stable scientific cooperation between the two institutions and opens up a new path for cross-border work in the fields of mountain genomics and ecology.<\/p>\n<p>The first planned action is the <strong>Mountain Genomics Talent Programme<\/strong>, a pilot initiative designed to incorporate two junior researchers with dual CRG\u2013ARI affiliation for a period of three years. Their work will focus on studying mountain biodiversity, environmental variation, and ecosystem health, taking advantage of Andorra\u2019s unique geographical and climatic characteristics as a natural research environment.<\/p>\n<p>The combination of altitudes, microclimates and well-preserved ecosystems makes the Principality an ideal setting for testing sequencing technologies, environmental monitoring systems and nature-based solutions. The country\u2019s size and territorial proximity further facilitate the collection of high\u2011resolution data that complement laboratory studies.<\/p>\n<p>Researchers participating in the programme will carry out most of their work at ARI facilities and at the Andorran Centre for Advanced Technologies and Solutions (CATSA), travelling to the CRG when needed to access specialised infrastructures or to take part in training sessions and coordination meetings.<\/p>\n<p>In the medium term, the initiative may pave the way for more structured cooperation models between institutions in both territories, including potential stable research structures linked to mountain genomics.<\/p>\n<p>The collaboration also strengthens the connection between Andorra and European research networks, particularly in open data projects and biodiversity monitoring. In this regard, the programme aligns with initiatives such as the <strong>Catalan Initiative for the Earth BioGenome Project<\/strong>, led by the CRG with funding from ARI and the Institute for Catalan Studies (IEC), which contributes to sequencing the genomes of species across the Catalan-speaking territories.<\/p>\n<p>This agreement represents an important step forward in scientific cooperation between Catalonia and Andorra and opens new opportunities to integrate genomic research, conservation and innovation within a natural environment of high ecological value.<\/p>\n<p>.<\/p>\n<figure id=\"attachment_14437\" aria-describedby=\"caption-attachment-14437\" style=\"width: 800px\" class=\"wp-caption alignnone\"><img fetchpriority=\"high\" decoding=\"async\" class=\"wp-image-14437 size-large\" src=\"https:\/\/cerca.cat\/wp-content\/uploads\/2026\/03\/CRG-ANDORRA-00006-1024x683.jpg\" alt=\"The Director of the CRG, Luis Serrano, and the Managing Director of Andorra Research + Innovation (ARI), Marta Dom\u00e8nech, signed the agreement yesterday at the CRG headquarters in Barcelona. Credit: CRG.\" width=\"800\" height=\"534\" srcset=\"https:\/\/cerca.cat\/wp-content\/uploads\/2026\/03\/CRG-ANDORRA-00006-1024x683.jpg 1024w, https:\/\/cerca.cat\/wp-content\/uploads\/2026\/03\/CRG-ANDORRA-00006-300x200.jpg 300w, https:\/\/cerca.cat\/wp-content\/uploads\/2026\/03\/CRG-ANDORRA-00006-768x512.jpg 768w, https:\/\/cerca.cat\/wp-content\/uploads\/2026\/03\/CRG-ANDORRA-00006-1536x1024.jpg 1536w, https:\/\/cerca.cat\/wp-content\/uploads\/2026\/03\/CRG-ANDORRA-00006-2048x1365.jpg 2048w\" sizes=\"(max-width: 800px) 100vw, 800px\" \/><figcaption id=\"caption-attachment-14437\" class=\"wp-caption-text\">The Director of the CRG, Luis Serrano, and the Managing Director of Andorra Research + Innovation (ARI), Marta Dom\u00e8nech, signed the agreement yesterday at the CRG headquarters in Barcelona. Credit: CRG.<\/figcaption><\/figure>\n<p>&nbsp;<\/p>\n","protected":false},"excerpt":{"rendered":"<p>The Centre for Genomic Regulation (CRG) and Andorra Research + Innovation (ARI) have signed a framework collaboration agreement to develop joint initiatives in research, innovation and knowledge transfer. The agreement establishes the foundations for stable scientific cooperation between the two institutions and opens up a new path for cross-border work in the fields of mountain [&hellip;]<\/p>\n","protected":false},"author":3,"featured_media":14438,"comment_status":"closed","ping_status":"closed","sticky":false,"template":"","format":"standard","meta":{"_acf_changed":false,"footnotes":""},"categories":[382],"tags":[],"class_list":["post-14440","post","type-post","status-publish","format-standard","has-post-thumbnail","hentry","category-cerca-system"],"acf":[],"yoast_head":"<!-- This site is optimized with the Yoast SEO plugin v27.2 - https:\/\/yoast.com\/product\/yoast-seo-wordpress\/ -->\n<title>The CRG and Andorra Research + Innovation Launch a New Mountain Genomics Research Programme - CERCA<\/title>\n<meta name=\"description\" content=\"The CRG and Andorra Research + Innovation Launch a New Mountain Genomics Research Programme\" \/>\n<meta name=\"robots\" content=\"index, follow, max-snippet:-1, max-image-preview:large, max-video-preview:-1\" \/>\n<link rel=\"canonical\" href=\"https:\/\/cerca.cat\/en\/actualitat\/noticies\/el-crg-i-andorra-recerca-innovacio-impulsen-un-nou-programa-de-recerca-en-genomica-de-muntanya\/\" \/>\n<meta property=\"og:locale\" content=\"en_US\" \/>\n<meta property=\"og:type\" content=\"article\" \/>\n<meta property=\"og:title\" content=\"The CRG and Andorra Research + Innovation Launch a New Mountain Genomics Research Programme - CERCA\" \/>\n<meta property=\"og:description\" content=\"The CRG and Andorra Research + Innovation Launch a New Mountain Genomics Research Programme\" \/>\n<meta property=\"og:url\" content=\"https:\/\/cerca.cat\/en\/actualitat\/noticies\/el-crg-i-andorra-recerca-innovacio-impulsen-un-nou-programa-de-recerca-en-genomica-de-muntanya\/\" \/>\n<meta property=\"og:site_name\" content=\"CERCA\" \/>\n<meta property=\"article:published_time\" content=\"2026-03-04T11:32:38+00:00\" \/>\n<meta property=\"article:modified_time\" content=\"2026-03-04T11:38:22+00:00\" \/>\n<meta property=\"og:image\" content=\"https:\/\/cerca.cat\/wp-content\/uploads\/2026\/03\/CRG-ANDORRA-00006-scaled.jpg\" \/>\n\t<meta property=\"og:image:width\" content=\"2560\" \/>\n\t<meta property=\"og:image:height\" content=\"1707\" \/>\n\t<meta property=\"og:image:type\" content=\"image\/jpeg\" \/>\n<meta name=\"author\" content=\"Comunicaci\u00f3\" \/>\n<meta name=\"twitter:card\" content=\"summary_large_image\" \/>\n<meta name=\"twitter:creator\" content=\"@icerca\" \/>\n<meta name=\"twitter:site\" content=\"@icerca\" \/>\n<meta name=\"twitter:label1\" content=\"Written by\" \/>\n\t<meta name=\"twitter:data1\" content=\"Comunicaci\u00f3\" \/>\n\t<meta name=\"twitter:label2\" content=\"Est. reading time\" \/>\n\t<meta name=\"twitter:data2\" content=\"3 minutes\" \/>\n<script type=\"application\/ld+json\" class=\"yoast-schema-graph\">{\"@context\":\"https:\/\/schema.org\",\"@graph\":[{\"@type\":\"Article\",\"@id\":\"https:\/\/cerca.cat\/en\/actualitat\/noticies\/el-crg-i-andorra-recerca-innovacio-impulsen-un-nou-programa-de-recerca-en-genomica-de-muntanya\/#article\",\"isPartOf\":{\"@id\":\"https:\/\/cerca.cat\/en\/actualitat\/noticies\/el-crg-i-andorra-recerca-innovacio-impulsen-un-nou-programa-de-recerca-en-genomica-de-muntanya\/\"},\"author\":{\"name\":\"Comunicaci\u00f3\",\"@id\":\"https:\/\/cerca.cat\/en\/#\/schema\/person\/f60f6b1f599374e81ed45d794c738563\"},\"headline\":\"The CRG and Andorra Research + Innovation Launch a New Mountain Genomics Research Programme\",\"datePublished\":\"2026-03-04T11:32:38+00:00\",\"dateModified\":\"2026-03-04T11:38:22+00:00\",\"mainEntityOfPage\":{\"@id\":\"https:\/\/cerca.cat\/en\/actualitat\/noticies\/el-crg-i-andorra-recerca-innovacio-impulsen-un-nou-programa-de-recerca-en-genomica-de-muntanya\/\"},\"wordCount\":383,\"publisher\":{\"@id\":\"https:\/\/cerca.cat\/en\/#organization\"},\"image\":{\"@id\":\"https:\/\/cerca.cat\/en\/actualitat\/noticies\/el-crg-i-andorra-recerca-innovacio-impulsen-un-nou-programa-de-recerca-en-genomica-de-muntanya\/#primaryimage\"},\"thumbnailUrl\":\"https:\/\/cerca.cat\/wp-content\/uploads\/2026\/03\/CRG-ANDORRA-00006-scaled.jpg\",\"articleSection\":[\"CERCA system\"],\"inLanguage\":\"en-US\"},{\"@type\":\"WebPage\",\"@id\":\"https:\/\/cerca.cat\/en\/actualitat\/noticies\/el-crg-i-andorra-recerca-innovacio-impulsen-un-nou-programa-de-recerca-en-genomica-de-muntanya\/\",\"url\":\"https:\/\/cerca.cat\/en\/actualitat\/noticies\/el-crg-i-andorra-recerca-innovacio-impulsen-un-nou-programa-de-recerca-en-genomica-de-muntanya\/\",\"name\":\"The CRG and Andorra Research + Innovation Launch a New Mountain Genomics Research Programme - CERCA\",\"isPartOf\":{\"@id\":\"https:\/\/cerca.cat\/en\/#website\"},\"primaryImageOfPage\":{\"@id\":\"https:\/\/cerca.cat\/en\/actualitat\/noticies\/el-crg-i-andorra-recerca-innovacio-impulsen-un-nou-programa-de-recerca-en-genomica-de-muntanya\/#primaryimage\"},\"image\":{\"@id\":\"https:\/\/cerca.cat\/en\/actualitat\/noticies\/el-crg-i-andorra-recerca-innovacio-impulsen-un-nou-programa-de-recerca-en-genomica-de-muntanya\/#primaryimage\"},\"thumbnailUrl\":\"https:\/\/cerca.cat\/wp-content\/uploads\/2026\/03\/CRG-ANDORRA-00006-scaled.jpg\",\"datePublished\":\"2026-03-04T11:32:38+00:00\",\"dateModified\":\"2026-03-04T11:38:22+00:00\",\"description\":\"The CRG and Andorra Research + Innovation Launch a New Mountain Genomics Research Programme\",\"inLanguage\":\"en-US\",\"potentialAction\":[{\"@type\":\"ReadAction\",\"target\":[\"https:\/\/cerca.cat\/en\/actualitat\/noticies\/el-crg-i-andorra-recerca-innovacio-impulsen-un-nou-programa-de-recerca-en-genomica-de-muntanya\/\"]}]},{\"@type\":\"ImageObject\",\"inLanguage\":\"en-US\",\"@id\":\"https:\/\/cerca.cat\/en\/actualitat\/noticies\/el-crg-i-andorra-recerca-innovacio-impulsen-un-nou-programa-de-recerca-en-genomica-de-muntanya\/#primaryimage\",\"url\":\"https:\/\/cerca.cat\/wp-content\/uploads\/2026\/03\/CRG-ANDORRA-00006-scaled.jpg\",\"contentUrl\":\"https:\/\/cerca.cat\/wp-content\/uploads\/2026\/03\/CRG-ANDORRA-00006-scaled.jpg\",\"width\":2560,\"height\":1707,\"caption\":\"El director del CRG, Luis Serrano, i la gerent d'Andorra Recerca + Innovaci\u00f3 (ARI), Marta Dom\u00e8nech, van signar l'acord ahir a la seu del CRG a Barcelona. Cr\u00e8dit: Centre de Regulaci\u00f3 Gen\u00f2mica\"},{\"@type\":\"WebSite\",\"@id\":\"https:\/\/cerca.cat\/en\/#website\",\"url\":\"https:\/\/cerca.cat\/en\/\",\"name\":\"CERCA\",\"description\":\"Centres de Recerca de Catalunya\",\"publisher\":{\"@id\":\"https:\/\/cerca.cat\/en\/#organization\"},\"potentialAction\":[{\"@type\":\"SearchAction\",\"target\":{\"@type\":\"EntryPoint\",\"urlTemplate\":\"https:\/\/cerca.cat\/en\/?s={search_term_string}\"},\"query-input\":{\"@type\":\"PropertyValueSpecification\",\"valueRequired\":true,\"valueName\":\"search_term_string\"}}],\"inLanguage\":\"en-US\"},{\"@type\":\"Organization\",\"@id\":\"https:\/\/cerca.cat\/en\/#organization\",\"name\":\"Instituci\u00f3 I-CERCA\",\"url\":\"https:\/\/cerca.cat\/en\/\",\"logo\":{\"@type\":\"ImageObject\",\"inLanguage\":\"en-US\",\"@id\":\"https:\/\/cerca.cat\/en\/#\/schema\/logo\/image\/\",\"url\":\"https:\/\/cerca.cat\/wp-content\/uploads\/2023\/01\/CERCA-MARCA-A-ENG.svg\",\"contentUrl\":\"https:\/\/cerca.cat\/wp-content\/uploads\/2023\/01\/CERCA-MARCA-A-ENG.svg\",\"width\":439,\"height\":172,\"caption\":\"Instituci\u00f3 I-CERCA\"},\"image\":{\"@id\":\"https:\/\/cerca.cat\/en\/#\/schema\/logo\/image\/\"},\"sameAs\":[\"https:\/\/x.com\/icerca\",\"https:\/\/www.linkedin.com\/company\/icerca\/\",\"https:\/\/www.youtube.com\/user\/instituciocerca\",\"https:\/\/www.flickr.com\/photos\/141175847@N05\/albums\/\",\"https:\/\/bsky.app\/profile\/cerca.cat\"]},{\"@type\":\"Person\",\"@id\":\"https:\/\/cerca.cat\/en\/#\/schema\/person\/f60f6b1f599374e81ed45d794c738563\",\"name\":\"Comunicaci\u00f3\",\"image\":{\"@type\":\"ImageObject\",\"inLanguage\":\"en-US\",\"@id\":\"https:\/\/secure.gravatar.com\/avatar\/2b517c2fd6a14a46ed698c1629bab1d3920e15d820925811a19a2d574df99d09?s=96&d=mm&r=g\",\"url\":\"https:\/\/secure.gravatar.com\/avatar\/2b517c2fd6a14a46ed698c1629bab1d3920e15d820925811a19a2d574df99d09?s=96&d=mm&r=g\",\"contentUrl\":\"https:\/\/secure.gravatar.com\/avatar\/2b517c2fd6a14a46ed698c1629bab1d3920e15d820925811a19a2d574df99d09?s=96&d=mm&r=g\",\"caption\":\"Comunicaci\u00f3\"},\"url\":\"https:\/\/cerca.cat\/en\/actualitat\/noticies\/author\/neus\/\"}]}<\/script>\n<!-- \/ Yoast SEO plugin. -->","yoast_head_json":{"title":"The CRG and Andorra Research + Innovation Launch a New Mountain Genomics Research Programme - CERCA","description":"The CRG and Andorra Research + Innovation Launch a New Mountain Genomics Research Programme","robots":{"index":"index","follow":"follow","max-snippet":"max-snippet:-1","max-image-preview":"max-image-preview:large","max-video-preview":"max-video-preview:-1"},"canonical":"https:\/\/cerca.cat\/en\/actualitat\/noticies\/el-crg-i-andorra-recerca-innovacio-impulsen-un-nou-programa-de-recerca-en-genomica-de-muntanya\/","og_locale":"en_US","og_type":"article","og_title":"The CRG and Andorra Research + Innovation Launch a New Mountain Genomics Research Programme - CERCA","og_description":"The CRG and Andorra Research + Innovation Launch a New Mountain Genomics Research Programme","og_url":"https:\/\/cerca.cat\/en\/actualitat\/noticies\/el-crg-i-andorra-recerca-innovacio-impulsen-un-nou-programa-de-recerca-en-genomica-de-muntanya\/","og_site_name":"CERCA","article_published_time":"2026-03-04T11:32:38+00:00","article_modified_time":"2026-03-04T11:38:22+00:00","og_image":[{"width":2560,"height":1707,"url":"https:\/\/cerca.cat\/wp-content\/uploads\/2026\/03\/CRG-ANDORRA-00006-scaled.jpg","type":"image\/jpeg"}],"author":"Comunicaci\u00f3","twitter_card":"summary_large_image","twitter_creator":"@icerca","twitter_site":"@icerca","twitter_misc":{"Written by":"Comunicaci\u00f3","Est. reading time":"3 minutes"},"schema":{"@context":"https:\/\/schema.org","@graph":[{"@type":"Article","@id":"https:\/\/cerca.cat\/en\/actualitat\/noticies\/el-crg-i-andorra-recerca-innovacio-impulsen-un-nou-programa-de-recerca-en-genomica-de-muntanya\/#article","isPartOf":{"@id":"https:\/\/cerca.cat\/en\/actualitat\/noticies\/el-crg-i-andorra-recerca-innovacio-impulsen-un-nou-programa-de-recerca-en-genomica-de-muntanya\/"},"author":{"name":"Comunicaci\u00f3","@id":"https:\/\/cerca.cat\/en\/#\/schema\/person\/f60f6b1f599374e81ed45d794c738563"},"headline":"The CRG and Andorra Research + Innovation Launch a New Mountain Genomics Research Programme","datePublished":"2026-03-04T11:32:38+00:00","dateModified":"2026-03-04T11:38:22+00:00","mainEntityOfPage":{"@id":"https:\/\/cerca.cat\/en\/actualitat\/noticies\/el-crg-i-andorra-recerca-innovacio-impulsen-un-nou-programa-de-recerca-en-genomica-de-muntanya\/"},"wordCount":383,"publisher":{"@id":"https:\/\/cerca.cat\/en\/#organization"},"image":{"@id":"https:\/\/cerca.cat\/en\/actualitat\/noticies\/el-crg-i-andorra-recerca-innovacio-impulsen-un-nou-programa-de-recerca-en-genomica-de-muntanya\/#primaryimage"},"thumbnailUrl":"https:\/\/cerca.cat\/wp-content\/uploads\/2026\/03\/CRG-ANDORRA-00006-scaled.jpg","articleSection":["CERCA system"],"inLanguage":"en-US"},{"@type":"WebPage","@id":"https:\/\/cerca.cat\/en\/actualitat\/noticies\/el-crg-i-andorra-recerca-innovacio-impulsen-un-nou-programa-de-recerca-en-genomica-de-muntanya\/","url":"https:\/\/cerca.cat\/en\/actualitat\/noticies\/el-crg-i-andorra-recerca-innovacio-impulsen-un-nou-programa-de-recerca-en-genomica-de-muntanya\/","name":"The CRG and Andorra Research + Innovation Launch a New Mountain Genomics Research Programme - CERCA","isPartOf":{"@id":"https:\/\/cerca.cat\/en\/#website"},"primaryImageOfPage":{"@id":"https:\/\/cerca.cat\/en\/actualitat\/noticies\/el-crg-i-andorra-recerca-innovacio-impulsen-un-nou-programa-de-recerca-en-genomica-de-muntanya\/#primaryimage"},"image":{"@id":"https:\/\/cerca.cat\/en\/actualitat\/noticies\/el-crg-i-andorra-recerca-innovacio-impulsen-un-nou-programa-de-recerca-en-genomica-de-muntanya\/#primaryimage"},"thumbnailUrl":"https:\/\/cerca.cat\/wp-content\/uploads\/2026\/03\/CRG-ANDORRA-00006-scaled.jpg","datePublished":"2026-03-04T11:32:38+00:00","dateModified":"2026-03-04T11:38:22+00:00","description":"The CRG and Andorra Research + Innovation Launch a New Mountain Genomics Research Programme","inLanguage":"en-US","potentialAction":[{"@type":"ReadAction","target":["https:\/\/cerca.cat\/en\/actualitat\/noticies\/el-crg-i-andorra-recerca-innovacio-impulsen-un-nou-programa-de-recerca-en-genomica-de-muntanya\/"]}]},{"@type":"ImageObject","inLanguage":"en-US","@id":"https:\/\/cerca.cat\/en\/actualitat\/noticies\/el-crg-i-andorra-recerca-innovacio-impulsen-un-nou-programa-de-recerca-en-genomica-de-muntanya\/#primaryimage","url":"https:\/\/cerca.cat\/wp-content\/uploads\/2026\/03\/CRG-ANDORRA-00006-scaled.jpg","contentUrl":"https:\/\/cerca.cat\/wp-content\/uploads\/2026\/03\/CRG-ANDORRA-00006-scaled.jpg","width":2560,"height":1707,"caption":"El director del CRG, Luis Serrano, i la gerent d'Andorra Recerca + Innovaci\u00f3 (ARI), Marta Dom\u00e8nech, van signar l'acord ahir a la seu del CRG a Barcelona. Cr\u00e8dit: Centre de Regulaci\u00f3 Gen\u00f2mica"},{"@type":"WebSite","@id":"https:\/\/cerca.cat\/en\/#website","url":"https:\/\/cerca.cat\/en\/","name":"CERCA","description":"Centres de Recerca de Catalunya","publisher":{"@id":"https:\/\/cerca.cat\/en\/#organization"},"potentialAction":[{"@type":"SearchAction","target":{"@type":"EntryPoint","urlTemplate":"https:\/\/cerca.cat\/en\/?s={search_term_string}"},"query-input":{"@type":"PropertyValueSpecification","valueRequired":true,"valueName":"search_term_string"}}],"inLanguage":"en-US"},{"@type":"Organization","@id":"https:\/\/cerca.cat\/en\/#organization","name":"Instituci\u00f3 I-CERCA","url":"https:\/\/cerca.cat\/en\/","logo":{"@type":"ImageObject","inLanguage":"en-US","@id":"https:\/\/cerca.cat\/en\/#\/schema\/logo\/image\/","url":"https:\/\/cerca.cat\/wp-content\/uploads\/2023\/01\/CERCA-MARCA-A-ENG.svg","contentUrl":"https:\/\/cerca.cat\/wp-content\/uploads\/2023\/01\/CERCA-MARCA-A-ENG.svg","width":439,"height":172,"caption":"Instituci\u00f3 I-CERCA"},"image":{"@id":"https:\/\/cerca.cat\/en\/#\/schema\/logo\/image\/"},"sameAs":["https:\/\/x.com\/icerca","https:\/\/www.linkedin.com\/company\/icerca\/","https:\/\/www.youtube.com\/user\/instituciocerca","https:\/\/www.flickr.com\/photos\/141175847@N05\/albums\/","https:\/\/bsky.app\/profile\/cerca.cat"]},{"@type":"Person","@id":"https:\/\/cerca.cat\/en\/#\/schema\/person\/f60f6b1f599374e81ed45d794c738563","name":"Comunicaci\u00f3","image":{"@type":"ImageObject","inLanguage":"en-US","@id":"https:\/\/secure.gravatar.com\/avatar\/2b517c2fd6a14a46ed698c1629bab1d3920e15d820925811a19a2d574df99d09?s=96&d=mm&r=g","url":"https:\/\/secure.gravatar.com\/avatar\/2b517c2fd6a14a46ed698c1629bab1d3920e15d820925811a19a2d574df99d09?s=96&d=mm&r=g","contentUrl":"https:\/\/secure.gravatar.com\/avatar\/2b517c2fd6a14a46ed698c1629bab1d3920e15d820925811a19a2d574df99d09?s=96&d=mm&r=g","caption":"Comunicaci\u00f3"},"url":"https:\/\/cerca.cat\/en\/actualitat\/noticies\/author\/neus\/"}]}},"_links":{"self":[{"href":"https:\/\/cerca.cat\/en\/wp-json\/wp\/v2\/posts\/14440","targetHints":{"allow":["GET"]}}],"collection":[{"href":"https:\/\/cerca.cat\/en\/wp-json\/wp\/v2\/posts"}],"about":[{"href":"https:\/\/cerca.cat\/en\/wp-json\/wp\/v2\/types\/post"}],"author":[{"embeddable":true,"href":"https:\/\/cerca.cat\/en\/wp-json\/wp\/v2\/users\/3"}],"replies":[{"embeddable":true,"href":"https:\/\/cerca.cat\/en\/wp-json\/wp\/v2\/comments?post=14440"}],"version-history":[{"count":2,"href":"https:\/\/cerca.cat\/en\/wp-json\/wp\/v2\/posts\/14440\/revisions"}],"predecessor-version":[{"id":14443,"href":"https:\/\/cerca.cat\/en\/wp-json\/wp\/v2\/posts\/14440\/revisions\/14443"}],"wp:featuredmedia":[{"embeddable":true,"href":"https:\/\/cerca.cat\/en\/wp-json\/wp\/v2\/media\/14438"}],"wp:attachment":[{"href":"https:\/\/cerca.cat\/en\/wp-json\/wp\/v2\/media?parent=14440"}],"wp:term":[{"taxonomy":"category","embeddable":true,"href":"https:\/\/cerca.cat\/en\/wp-json\/wp\/v2\/categories?post=14440"},{"taxonomy":"post_tag","embeddable":true,"href":"https:\/\/cerca.cat\/en\/wp-json\/wp\/v2\/tags?post=14440"}],"curies":[{"name":"wp","href":"https:\/\/api.w.org\/{rel}","templated":true}]}}